{"id":439,"date":"2025-06-12T21:17:08","date_gmt":"2025-06-12T19:17:08","guid":{"rendered":"https:\/\/lesurvoltefestival.org\/?p=439"},"modified":"2025-06-12T21:18:30","modified_gmt":"2025-06-12T19:18:30","slug":"appel-a-candidatures-2025-ouvert","status":"publish","type":"post","link":"https:\/\/lesurvoltefestival.org\/index.php\/2025\/06\/12\/appel-a-candidatures-2025-ouvert\/","title":{"rendered":"Appel \u00e0 candidatures 2025 ouvert"},"content":{"rendered":"\n<p>\ud83c\udfb8Vous \u00eates un groupe de musique en Occitanie \ud83c\udfb8<br>\u26a1Candidatez ici pour jouer au Festival Le Survolt\u00e9 ! \u26a1<br>\ud83d\udc49Pour candidatez : <a href=\"https:\/\/tinyurl.com\/lsf2025-candidatures\">https:\/\/tinyurl.com\/lsf2025-candidatures<\/a><\/p>\n\n\n\n<p>Apr\u00e8s une premi\u00e8re \u00e9dition 2024 r\u00e9ussie, port\u00e9e par des groupes de la sc\u00e8ne fran\u00e7aise \u00e9mergente et 700 festivaliers enthousiastes \ud83c\udfb6, la deuxi\u00e8me \u00e9dition vous donne rendez-vous le 4 octobre 2025 \u00e0 Donneville (31450) !<\/p>\n\n\n\n<p>\ud83c\udf1f Vous \u00eates un groupe amateur Rock ? Montez sur sc\u00e8ne !<br>En plus de la programmation officielle du soir, 3 groupes seront s\u00e9lectionn\u00e9s pour jouer l\u2019apr\u00e8s-midi \ud83c\udfa4. Un jury choisira les artistes proposant des compositions originales (pas de reprises) pour leur style, leur \u00e9nergie et leur talent.<\/p>\n\n\n\n<p>\ud83c\udfa7 Quel style musical ?<br>Un Rock survolt\u00e9, intense, \u00e9nergique\u2026 mais pas trash ou pas Thrash \ud83d\ude09\u26a1\ud83c\udfb8.<br>Et surtout\u2026 Osez nous surprendre !<\/p>\n\n\n\n<p>\ud83c\udfb6 Des conditions optimales pour jouer<br>Un accueil au top, une sc\u00e8ne bien \u00e9quip\u00e9e et une \u00e9quipe de b\u00e9n\u00e9voles motiv\u00e9s \ud83d\udcaa. Tout est r\u00e9uni pour que vous puissiez offrir le meilleur de votre musique ! Dur\u00e9e du set : 1h (enregistr\u00e9 en multipistes).<\/p>\n\n\n\n<p>\ud83c\udfa4 Rejoignez-nous et partagez votre \u00e9nergie avec notre public\u2026 \u26a1Survolt\u00e9 \u26a1 !<\/p>\n\n\n\n<p>CL\u00d4TURE DE L&#8217;APPEL A CANDIDATURES 15 JUILLET 2025 &#8211; ANNONCE DES GROUPES S\u00c9LECTIONN\u00c9S FIN AOUT 2025<\/p>\n","protected":false},"excerpt":{"rendered":"<p>\ud83c\udfb8Vous \u00eates un groupe de musique en Occitanie \ud83c\udfb8\u26a1Candidatez ici pour jouer au Festival Le Survolt\u00e9 ! \u26a1\ud83d\udc49Pour candidatez : https:\/\/tinyurl.com\/lsf2025-candidatures Apr\u00e8s une premi\u00e8re \u00e9dition 2024 r\u00e9ussie, port\u00e9e par des &#8230;<\/p>\n","protected":false},"author":1,"featured_media":441,"comment_status":"open","ping_status":"open","sticky":false,"template":"","format":"standard","meta":{"footnotes":""},"categories":[1],"tags":[3,4,5],"class_list":["post-439","post","type-post","status-publish","format-standard","has-post-thumbnail","hentry","category-non-classe","tag-candidature","tag-festival","tag-rock"],"_links":{"self":[{"href":"https:\/\/lesurvoltefestival.org\/index.php\/wp-json\/wp\/v2\/posts\/439","targetHints":{"allow":["GET"]}}],"collection":[{"href":"https:\/\/lesurvoltefestival.org\/index.php\/wp-json\/wp\/v2\/posts"}],"about":[{"href":"https:\/\/lesurvoltefestival.org\/index.php\/wp-json\/wp\/v2\/types\/post"}],"author":[{"embeddable":true,"href":"https:\/\/lesurvoltefestival.org\/index.php\/wp-json\/wp\/v2\/users\/1"}],"replies":[{"embeddable":true,"href":"https:\/\/lesurvoltefestival.org\/index.php\/wp-json\/wp\/v2\/comments?post=439"}],"version-history":[{"count":1,"href":"https:\/\/lesurvoltefestival.org\/index.php\/wp-json\/wp\/v2\/posts\/439\/revisions"}],"predecessor-version":[{"id":440,"href":"https:\/\/lesurvoltefestival.org\/index.php\/wp-json\/wp\/v2\/posts\/439\/revisions\/440"}],"wp:featuredmedia":[{"embeddable":true,"href":"https:\/\/lesurvoltefestival.org\/index.php\/wp-json\/wp\/v2\/media\/441"}],"wp:attachment":[{"href":"https:\/\/lesurvoltefestival.org\/index.php\/wp-json\/wp\/v2\/media?parent=439"}],"wp:term":[{"taxonomy":"category","embeddable":true,"href":"https:\/\/lesurvoltefestival.org\/index.php\/wp-json\/wp\/v2\/categories?post=439"},{"taxonomy":"post_tag","embeddable":true,"href":"https:\/\/lesurvoltefestival.org\/index.php\/wp-json\/wp\/v2\/tags?post=439"}],"curies":[{"name":"wp","href":"https:\/\/api.w.org\/{rel}","templated":true}]}}